{"id":10773,"date":"2023-04-09T15:21:00","date_gmt":"2023-04-09T18:21:00","guid":{"rendered":"http:\/\/tecgraf.com.br\/?p=10773"},"modified":"2024-05-10T12:00:00","modified_gmt":"2024-05-10T15:00:00","slug":"agricultura-digital-gera-demanda-por-profissionais-qualificados","status":"publish","type":"post","link":"https:\/\/tecgraf.com.br\/es\/2023\/04\/09\/agricultura-digital-gera-demanda-por-profissionais-qualificados\/","title":{"rendered":"Agricultura digital gera demanda por profissionais qualificados"},"content":{"rendered":"<p><strong>Empresa de tecnologia de projetos agr\u00edcolas oferece Programa Educacional para universit\u00e1rios se capacitarem e ocuparem cargos.<\/strong><\/p>\n\n\n\n<div class=\"wp-block-kadence-spacer aligncenter kt-block-spacer-_623454-45\"><div class=\"kt-block-spacer kt-block-spacer-halign-center\" style=\"height:40px\"><hr class=\"kt-divider\" style=\"border-top-color:rgba(238, 238, 238, 1);border-top-width:1px;width:0%;border-top-style:solid\"\/><\/div><\/div>\n\n\n\n<p>Por ser um dos principais setores da economia brasileira, o agroneg\u00f3cio vem se reinventando para aumentar sua atua\u00e7\u00e3o a partir da implementa\u00e7\u00e3o de tecnologias e novos recursos digitais. Com isso, a procura por profissionais qualificados para ocuparem os cargos que demandam conhecimentos para a implementa\u00e7\u00e3o destas est\u00e1 se expandindo no Brasil.<\/p>\n\n\n\n<div class=\"wp-block-kadence-spacer aligncenter kt-block-spacer-_b4c524-22\"><div class=\"kt-block-spacer kt-block-spacer-halign-center\" style=\"height:10px\"><hr class=\"kt-divider\" style=\"border-top-color:rgba(238, 238, 238, 1);border-top-width:1px;width:0%;border-top-style:solid\"\/><\/div><\/div>\n\n\n\n<p>Segundo o estudo \u201cProfiss\u00f5es Emergentes na Era Digital\u201d, realizado pela Ag\u00eancia Alem\u00e3 de Coopera\u00e7\u00e3o Internacional (GIZ) em parceria com o Senai e com a Universidade Federal do Rio Grande do Sul, at\u00e9 o ano de 2023 o ramo do agroneg\u00f3cio iria gerar mais de 178 mil novas oportunidades de emprego, por\u00e9m somente cerca de 32 mil profissionais capacitados estariam dispon\u00edveis para preencher as vagas, uma vez que empresas, produtores e ind\u00fastrias vem buscando profissionais com conhecimento em tecnologias para conseguirem aumentar as produ\u00e7\u00f5es com agilidade e menor custo.<\/p>\n\n\n\n<div class=\"wp-block-kadence-spacer aligncenter kt-block-spacer-_0f6c5c-f1\"><div class=\"kt-block-spacer kt-block-spacer-halign-center\" style=\"height:10px\"><hr class=\"kt-divider\" style=\"border-top-color:rgba(238, 238, 238, 1);border-top-width:1px;width:0%;border-top-style:solid\"\/><\/div><\/div>\n\n\n\n<p>Segundo o Jo\u00e3o Camelini, criador de softwares para o ramo do agroneg\u00f3cio, a tecnologia permite que os recursos naturais e t\u00e9cnicos sejam explorados de forma racional e sustent\u00e1vel. \u201cA evolu\u00e7\u00e3o tecnol\u00f3gica viabiliza a redu\u00e7\u00e3o do uso de insumos, melhor aproveitamento da \u00e1gua, do solo e do maquin\u00e1rio dispon\u00edvel. A consequ\u00eancia imediata \u00e9 o aumento da produtividade e da competitividade\u201d, afirma ele.<\/p>\n\n\n\n<div class=\"wp-block-kadence-spacer aligncenter kt-block-spacer-_9fad7d-10\"><div class=\"kt-block-spacer kt-block-spacer-halign-center\" style=\"height:10px\"><hr class=\"kt-divider\" style=\"border-top-color:rgba(238, 238, 238, 1);border-top-width:1px;width:0%;border-top-style:solid\"\/><\/div><\/div>\n\n\n\n<p>Em busca de auxiliar a suprir a demanda e contribuir para a forma\u00e7\u00e3o de profissionais qualificados para ocuparem cargos que pedem conhecimento digital e tecnol\u00f3gico no setor, a Tecgraf Agro, empresa de tecnologia em computa\u00e7\u00e3o gr\u00e1fica focada em fornecer solu\u00e7\u00f5es para projetos agr\u00edcolas, criou o Programa Educacional AgroCAD. Tal programa permite que estudantes do curso de engenharia agr\u00f4noma, matriculados em Universidades p\u00fablicas ou privadas do Brasil e da Am\u00e9rica Latina tenham acesso \u00e0s licen\u00e7as do software AgroCAD de forma gratuita.<\/p>\n\n\n\n<div class=\"wp-block-kadence-spacer aligncenter kt-block-spacer-_6a4243-97\"><div class=\"kt-block-spacer kt-block-spacer-halign-center\" style=\"height:10px\"><hr class=\"kt-divider\" style=\"border-top-color:rgba(238, 238, 238, 1);border-top-width:1px;width:0%;border-top-style:solid\"\/><\/div><\/div>\n\n\n\n<p>O programa, implementado pela Universidade Federal de S\u00e3o Carlos (UFsCAR), Universidade de Santa Maria (UFSM) e pela Universidad Nacional de Rosario na Argentina, por exemplo, permite que o universit\u00e1rio possa aprofundar os conhecimentos na tecnologia que garante solu\u00e7\u00e3o completa em projetos de trajet\u00f3rias para ve\u00edculos agr\u00edcolas aut\u00f4nomos e integra-los com os aprendizados adquiridos ao longo do curso. Camelini ressalta ainda que h\u00e1 uma grande demanda por profissionais qualificados para fazer planejamento agr\u00edcola e que \u201c\u00e9 importante para a forma\u00e7\u00e3o profissional que o contato com essa nova realidade ocorra o quanto antes, assim a troca de experi\u00eancias entre alunos, professores e empresas ser\u00e1 muito mais proveitosa\u201d, finaliza.<\/p>\n\n\n\n<div class=\"wp-block-kadence-spacer aligncenter kt-block-spacer-_9e46ce-52\"><div class=\"kt-block-spacer kt-block-spacer-halign-center\" style=\"height:40px\"><hr class=\"kt-divider\" style=\"border-top-color:rgba(238, 238, 238, 1);border-top-width:1px;width:50%;border-top-style:solid\"\/><\/div><\/div>\n\n\n\n<p>Mat\u00e9ria publicada em: <a rel=\"noreferrer noopener\" href=\"https:\/\/revistacampoenegocios.com.br\/agricultura-digital-gera-demanda-por-profissionais-qualificados\/\" target=\"_blank\">Revista Campo &amp; Neg\u00f3cios<\/a>&nbsp;e&nbsp;<a rel=\"noreferrer noopener\" href=\"https:\/\/issuu.com\/agrobrasilmagazine\/docs\/agrobrasil_abril_2023\" target=\"_blank\">Revista AgroBrasil<\/a>.<\/p>","protected":false},"excerpt":{"rendered":"<p>Empresa de tecnologia de projetos agr\u00edcolas oferece Programa Educacional para universit\u00e1rios se capacitarem e ocuparem cargos.<\/p>","protected":false},"author":2,"featured_media":9380,"comment_status":"closed","ping_status":"closed","sticky":false,"template":"","format":"standard","meta":{"kt_blocks_editor_width":"","_joinchat":[],"footnotes":""},"categories":[100],"tags":[],"class_list":["post-10773","post","type-post","status-publish","format-standard","has-post-thumbnail","hentry","category-todososposts"],"jetpack_featured_media_url":"https:\/\/tecgraf.com.br\/wp-content\/uploads\/2023\/05\/AdobeStock_354439103-scaled.jpeg","_links":{"self":[{"href":"https:\/\/tecgraf.com.br\/es\/wp-json\/wp\/v2\/posts\/10773"}],"collection":[{"href":"https:\/\/tecgraf.com.br\/es\/wp-json\/wp\/v2\/posts"}],"about":[{"href":"https:\/\/tecgraf.com.br\/es\/wp-json\/wp\/v2\/types\/post"}],"author":[{"embeddable":true,"href":"https:\/\/tecgraf.com.br\/es\/wp-json\/wp\/v2\/users\/2"}],"replies":[{"embeddable":true,"href":"https:\/\/tecgraf.com.br\/es\/wp-json\/wp\/v2\/comments?post=10773"}],"version-history":[{"count":6,"href":"https:\/\/tecgraf.com.br\/es\/wp-json\/wp\/v2\/posts\/10773\/revisions"}],"predecessor-version":[{"id":10846,"href":"https:\/\/tecgraf.com.br\/es\/wp-json\/wp\/v2\/posts\/10773\/revisions\/10846"}],"wp:featuredmedia":[{"embeddable":true,"href":"https:\/\/tecgraf.com.br\/es\/wp-json\/wp\/v2\/media\/9380"}],"wp:attachment":[{"href":"https:\/\/tecgraf.com.br\/es\/wp-json\/wp\/v2\/media?parent=10773"}],"wp:term":[{"taxonomy":"category","embeddable":true,"href":"https:\/\/tecgraf.com.br\/es\/wp-json\/wp\/v2\/categories?post=10773"},{"taxonomy":"post_tag","embeddable":true,"href":"https:\/\/tecgraf.com.br\/es\/wp-json\/wp\/v2\/tags?post=10773"}],"curies":[{"name":"wp","href":"https:\/\/api.w.org\/{rel}","templated":true}]}}